{"id":769,"date":"2023-09-18T06:45:25","date_gmt":"2023-09-18T06:45:25","guid":{"rendered":"https:\/\/www.emib.cz\/serie-8-drg-plattformwagen-mit-lt-38-ckd\/"},"modified":"2023-12-18T10:44:11","modified_gmt":"2023-12-18T10:44:11","slug":"serie-8-drg-plattformwagen-mit-lt-38-ckd","status":"publish","type":"post","link":"https:\/\/www.emib.cz\/de\/serie-8-drg-plattformwagen-mit-lt-38-ckd\/","title":{"rendered":"Serie 8 &#8211; DRG-Tragwagen mit PzKpfw 38"},"content":{"rendered":"\n<p>Der PzKpfw 38 tschechoslowakischer Bauart wurde gemeinsam von den \u0160koda- und \u010cKD-Werken entwickelt; 1939 galt er als einer der besten leichten Panzer der Welt; nach der Besetzung der Tschechoslowakei wurde er von der Wehrmacht \u00fcbernommen und in verschiedenen Varianten weiter produziert; Nasazen byl na mnoha boji\u0161t\u00edch 2. sv\u011btov\u00e9 v\u00e1lky.     <\/p>\n\n<p>Vorbereitet in Zusammenarbeit mit SDV model.<\/p>\n","protected":false},"excerpt":{"rendered":"<p>Der PzKpfw 38 tschechoslowakischer Bauart wurde gemeinsam von den \u0160koda- und \u010cKD-Werken entwickelt; 1939 galt er als einer der besten leichten Panzer der Welt; nach der Besetzung der Tschechoslowakei wurde er von der Wehrmacht \u00fcbernommen und in verschiedenen Varianten weiter produziert; Nasazen byl na mnoha boji\u0161t\u00edch 2. sv\u011btov\u00e9 v\u00e1lky. Vorbereitet in Zusammenarbeit mit SDV model.<\/p>\n","protected":false},"author":1,"featured_media":920,"comment_status":"closed","ping_status":"open","sticky":false,"template":"","format":"standard","meta":{"_acf_changed":false,"_et_pb_use_builder":"off","_et_pb_old_content":"","_et_gb_content_width":"","inline_featured_image":false,"footnotes":""},"categories":[22,25],"tags":[],"class_list":["post-769","post","type-post","status-publish","format-standard","has-post-thumbnail","hentry","category-serie-de","category-serie-hotove-de"],"acf":[],"_links":{"self":[{"href":"https:\/\/www.emib.cz\/de\/wp-json\/wp\/v2\/posts\/769","targetHints":{"allow":["GET"]}}],"collection":[{"href":"https:\/\/www.emib.cz\/de\/wp-json\/wp\/v2\/posts"}],"about":[{"href":"https:\/\/www.emib.cz\/de\/wp-json\/wp\/v2\/types\/post"}],"author":[{"embeddable":true,"href":"https:\/\/www.emib.cz\/de\/wp-json\/wp\/v2\/users\/1"}],"replies":[{"embeddable":true,"href":"https:\/\/www.emib.cz\/de\/wp-json\/wp\/v2\/comments?post=769"}],"version-history":[{"count":13,"href":"https:\/\/www.emib.cz\/de\/wp-json\/wp\/v2\/posts\/769\/revisions"}],"predecessor-version":[{"id":1164,"href":"https:\/\/www.emib.cz\/de\/wp-json\/wp\/v2\/posts\/769\/revisions\/1164"}],"wp:featuredmedia":[{"embeddable":true,"href":"https:\/\/www.emib.cz\/de\/wp-json\/wp\/v2\/media\/920"}],"wp:attachment":[{"href":"https:\/\/www.emib.cz\/de\/wp-json\/wp\/v2\/media?parent=769"}],"wp:term":[{"taxonomy":"category","embeddable":true,"href":"https:\/\/www.emib.cz\/de\/wp-json\/wp\/v2\/categories?post=769"},{"taxonomy":"post_tag","embeddable":true,"href":"https:\/\/www.emib.cz\/de\/wp-json\/wp\/v2\/tags?post=769"}],"curies":[{"name":"wp","href":"https:\/\/api.w.org\/{rel}","templated":true}]}}